{"id":1647,"date":"2022-01-20T17:18:38","date_gmt":"2022-01-20T17:18:38","guid":{"rendered":"https:\/\/vrforhealth.com\/?p=1647"},"modified":"2022-01-20T17:18:41","modified_gmt":"2022-01-20T17:18:41","slug":"rdv-biomedical-realite-virtuelle-dans-les-pratiques-medicales","status":"publish","type":"post","link":"https:\/\/vrforhealth.com\/fr\/2022\/01\/20\/rdv-biomedical-realite-virtuelle-dans-les-pratiques-medicales\/","title":{"rendered":"RDV biom\u00e9dical &#8211; R\u00e9alit\u00e9 virtuelle dans les pratiques m\u00e9dicales"},"content":{"rendered":"\n<figure class=\"wp-block-embed is-type-video is-provider-youtube wp-block-embed-youtube wp-embed-aspect-16-9 wp-has-aspect-ratio\"><div class=\"wp-block-embed__wrapper\">\n<div class=\"x-resp-embed x-is-video x-is-youtube\"><iframe loading=\"lazy\" title=\"RDV biom\u00e9dical - R\u00e9alit\u00e9 virtuelle dans les pratiques m\u00e9dicales\" width=\"1184\" height=\"666\" src=\"https:\/\/www.youtube.com\/embed\/tfOe01rTqfQ?feature=oembed\" frameborder=\"0\" allow=\"accelerometer; autoplay; clipboard-write; encrypted-media; gyroscope; picture-in-picture\" allowfullscreen><\/iframe><\/div>\n<\/div><\/figure>\n\n\n\n<p>Mathias Amber, M\u00e9linda Benkhaled et Emilie Verebi pr\u00e9sente la nouvelle \u00e9dition du rendez-vous Biom\u00e9dical de l&rsquo;UTC sur le th\u00e8me \u00ab\u00a0R\u00e9alit\u00e9 virtuelle dans les pratiques m\u00e9dicales\u00a0\u00bb. Dans un premier temps, Mathias nous rappelle la d\u00e9finition de la r\u00e9alit\u00e9 virtuelle, son fonctionnement et la diff\u00e9rence avec la r\u00e9alit\u00e9 augment\u00e9e. Marie prend alors le relai et d\u00e9crit ses diff\u00e9rentes applications, \u00e0 savoir, th\u00e9rapeutiques (pour soulager la douleur), cliniques (diagnostic, simulations pr\u00e9op\u00e9ratoires), et pour la formation professionnelle (entra\u00eenement aux pratiques m\u00e9dicales d\u00e9licates). Enfin, M\u00e9linda nous expose ensuite les b\u00e9n\u00e9fices de cet outil aussi bien pour les patients que pour les \u00e9tablissements de sant\u00e9 et le personnel soignant avant de conclure la pr\u00e9sentation.<\/p>\n\n\n\n<p><strong>Date first published:<\/strong> 21\/01\/2021<br><strong>Running Time:<\/strong> 3min 22sec<br><strong>Producer:<\/strong> UTC &#8211; Universit\u00e9 de Technologie de Compi\u00e8gne (Universit\u00e9)<\/p>\n","protected":false},"excerpt":{"rendered":"<p>Mathias Amber, M\u00e9linda Benkhaled et Emilie Verebi pr\u00e9sente la nouvelle \u00e9dition du rendez-vous Biom\u00e9dical de l&rsquo;UTC sur le th\u00e8me \u00ab\u00a0R\u00e9alit\u00e9 virtuelle dans les pratiques m\u00e9dicales\u00a0\u00bb. Dans un premier temps, Mathias nous rappelle la d\u00e9finition de la r\u00e9alit\u00e9 virtuelle, son fonctionnement et la diff\u00e9rence avec la r\u00e9alit\u00e9 augment\u00e9e. Marie prend alors le relai et d\u00e9crit ses diff\u00e9rentes applications, \u00e0 savoir, th\u00e9rapeutiques &#8230; <a href=\"https:\/\/vrforhealth.com\/fr\/2022\/01\/20\/rdv-biomedical-realite-virtuelle-dans-les-pratiques-medicales\/\" class=\"more-link\">Read More<\/a><\/p>\n","protected":false},"author":1,"featured_media":0,"comment_status":"closed","ping_status":"closed","sticky":false,"template":"","format":"standard","meta":{"footnotes":""},"categories":[57,52],"tags":[],"class_list":["post-1647","post","type-post","status-publish","format-standard","hentry","category-francaise","category-professionnels-de-sante-fr","no-post-thumbnail"],"_links":{"self":[{"href":"https:\/\/vrforhealth.com\/fr\/wp-json\/wp\/v2\/posts\/1647","targetHints":{"allow":["GET"]}}],"collection":[{"href":"https:\/\/vrforhealth.com\/fr\/wp-json\/wp\/v2\/posts"}],"about":[{"href":"https:\/\/vrforhealth.com\/fr\/wp-json\/wp\/v2\/types\/post"}],"author":[{"embeddable":true,"href":"https:\/\/vrforhealth.com\/fr\/wp-json\/wp\/v2\/users\/1"}],"replies":[{"embeddable":true,"href":"https:\/\/vrforhealth.com\/fr\/wp-json\/wp\/v2\/comments?post=1647"}],"version-history":[{"count":0,"href":"https:\/\/vrforhealth.com\/fr\/wp-json\/wp\/v2\/posts\/1647\/revisions"}],"wp:attachment":[{"href":"https:\/\/vrforhealth.com\/fr\/wp-json\/wp\/v2\/media?parent=1647"}],"wp:term":[{"taxonomy":"category","embeddable":true,"href":"https:\/\/vrforhealth.com\/fr\/wp-json\/wp\/v2\/categories?post=1647"},{"taxonomy":"post_tag","embeddable":true,"href":"https:\/\/vrforhealth.com\/fr\/wp-json\/wp\/v2\/tags?post=1647"}],"curies":[{"name":"wp","href":"https:\/\/api.w.org\/{rel}","templated":true}]}}