{"id":551,"date":"2020-06-03T16:43:58","date_gmt":"2020-06-03T15:43:58","guid":{"rendered":"http:\/\/vrforhealth.360scotland.co.uk\/?p=551"},"modified":"2024-01-23T22:28:40","modified_gmt":"2024-01-23T22:28:40","slug":"realite-virtuelle-aux-residentiels-de-st-brevin-residence-seniors","status":"publish","type":"post","link":"https:\/\/vrforhealth.com\/fr\/2020\/06\/03\/realite-virtuelle-aux-residentiels-de-st-brevin-residence-seniors\/","title":{"rendered":"R\u00e9alit\u00e9 virtuelle aux R\u00e9sidentiels de St Brevin r\u00e9sidence seniors"},"content":{"rendered":"\n<figure class=\"wp-block-embed-youtube wp-block-embed is-type-video is-provider-youtube wp-embed-aspect-16-9 wp-has-aspect-ratio\"><div class=\"wp-block-embed__wrapper\">\n<div class=\"x-resp-embed x-is-video x-is-youtube\"><iframe loading=\"lazy\" title=\"R\u00e9alit\u00e9 virtuelle aux R\u00e9sidentiels de St Brevin r\u00e9sidence seniors\" width=\"1184\" height=\"666\" src=\"https:\/\/www.youtube.com\/embed\/ZEud1I0BRO0?feature=oembed&#038;modestbranding=1&#038;showinfo=0&#038;rel=0\" frameborder=\"0\" allow=\"accelerometer; autoplay; encrypted-media; gyroscope; picture-in-picture\" allowfullscreen><\/iframe><\/div>\n<\/div><\/figure>\n\n\n\n<p>une exp\u00e9rience in\u00e9dite de r\u00e9alit\u00e9 virtuelle pour les r\u00e9sidents et le personnel de la r\u00e9sidence seniors de St Brevin les Pins en France.<\/p>\n\n\n\n<p><strong>Date first published:<\/strong> 14\/05\/2019<br><strong>Running Time:<\/strong> 4&rsquo;09\u00a0\u00bb<br><strong>Producer:<\/strong> La r\u00e9sidence (maison pour seniors)<\/p>\n","protected":false},"excerpt":{"rendered":"<p>une exp\u00e9rience in\u00e9dite de r\u00e9alit\u00e9 virtuelle pour les r\u00e9sidents et le personnel de la r\u00e9sidence seniors de St Brevin les Pins en France. Date first published: 14\/05\/2019Running Time: 4&rsquo;09\u00a0\u00bbProducer: La r\u00e9sidence (maison pour seniors)<\/p>\n","protected":false},"author":1,"featured_media":3374,"comment_status":"closed","ping_status":"closed","sticky":false,"template":"","format":"standard","meta":{"footnotes":""},"categories":[51,35,57,40],"tags":[],"class_list":["post-551","post","type-post","status-publish","format-standard","has-post-thumbnail","hentry","category-anxiete-et-depression-fr","category-anxiety-depression-video","category-francaise","category-french"],"_links":{"self":[{"href":"https:\/\/vrforhealth.com\/fr\/wp-json\/wp\/v2\/posts\/551","targetHints":{"allow":["GET"]}}],"collection":[{"href":"https:\/\/vrforhealth.com\/fr\/wp-json\/wp\/v2\/posts"}],"about":[{"href":"https:\/\/vrforhealth.com\/fr\/wp-json\/wp\/v2\/types\/post"}],"author":[{"embeddable":true,"href":"https:\/\/vrforhealth.com\/fr\/wp-json\/wp\/v2\/users\/1"}],"replies":[{"embeddable":true,"href":"https:\/\/vrforhealth.com\/fr\/wp-json\/wp\/v2\/comments?post=551"}],"version-history":[{"count":1,"href":"https:\/\/vrforhealth.com\/fr\/wp-json\/wp\/v2\/posts\/551\/revisions"}],"predecessor-version":[{"id":3376,"href":"https:\/\/vrforhealth.com\/fr\/wp-json\/wp\/v2\/posts\/551\/revisions\/3376"}],"wp:featuredmedia":[{"embeddable":true,"href":"https:\/\/vrforhealth.com\/fr\/wp-json\/wp\/v2\/media\/3374"}],"wp:attachment":[{"href":"https:\/\/vrforhealth.com\/fr\/wp-json\/wp\/v2\/media?parent=551"}],"wp:term":[{"taxonomy":"category","embeddable":true,"href":"https:\/\/vrforhealth.com\/fr\/wp-json\/wp\/v2\/categories?post=551"},{"taxonomy":"post_tag","embeddable":true,"href":"https:\/\/vrforhealth.com\/fr\/wp-json\/wp\/v2\/tags?post=551"}],"curies":[{"name":"wp","href":"https:\/\/api.w.org\/{rel}","templated":true}]}}