{"id":553,"date":"2020-06-03T16:51:51","date_gmt":"2020-06-03T15:51:51","guid":{"rendered":"http:\/\/vrforhealth.360scotland.co.uk\/?p=553"},"modified":"2020-06-03T16:51:58","modified_gmt":"2020-06-03T15:51:58","slug":"therapie-par-exposition-a-la-realite-virtuelle-applications-et-bon-usage","status":"publish","type":"post","link":"https:\/\/vrforhealth.com\/fr\/2020\/06\/03\/therapie-par-exposition-a-la-realite-virtuelle-applications-et-bon-usage\/","title":{"rendered":"Th\u00e9rapie par exposition \u00e0 la r\u00e9alit\u00e9 virtuelle : applications et bon usage !"},"content":{"rendered":"\n<figure class=\"wp-block-embed-youtube wp-block-embed is-type-video is-provider-youtube wp-embed-aspect-16-9 wp-has-aspect-ratio\"><div class=\"wp-block-embed__wrapper\">\n<div class=\"x-resp-embed x-is-video x-is-youtube\"><iframe loading=\"lazy\" title=\"Th\u00e9rapie par exposition \u00e0 la r\u00e9alit\u00e9 virtuelle : applications et bon usage !\" width=\"1184\" height=\"666\" src=\"https:\/\/www.youtube.com\/embed\/7F7L9p8QmDY?feature=oembed&#038;modestbranding=1&#038;showinfo=0&#038;rel=0\" frameborder=\"0\" allow=\"accelerometer; autoplay; encrypted-media; gyroscope; picture-in-picture\" allowfullscreen><\/iframe><\/div>\n<\/div><\/figure>\n\n\n\n<p>Comment fonctionne la th\u00e9rapie par exposition \u00e0 la r\u00e9alit\u00e9 virtuelle ? Explication par une psychologue en Belgique qui \u00e9voque la d\u00e9sensibilisation aux phobies.<\/p>\n\n\n\n<p><strong>Date first published:<\/strong> 17\/05\/2019<br><strong>Running Time:<\/strong> 4&rsquo;13\u00a0\u00bb<br><strong>Producer:<\/strong>Marie-Pierre Preud&rsquo;homme (professionnel de sant\u00e9)<\/p>\n\n\n\n<p><\/p>\n","protected":false},"excerpt":{"rendered":"<p>Comment fonctionne la th\u00e9rapie par exposition \u00e0 la r\u00e9alit\u00e9 virtuelle ? Explication par une psychologue en Belgique qui \u00e9voque la d\u00e9sensibilisation aux phobies. Date first published: 17\/05\/2019Running Time: 4&rsquo;13\u00a0\u00bbProducer:Marie-Pierre Preud&rsquo;homme (professionnel de sant\u00e9)<\/p>\n","protected":false},"author":1,"featured_media":0,"comment_status":"closed","ping_status":"closed","sticky":false,"template":"","format":"standard","meta":{"footnotes":""},"categories":[35,40],"tags":[],"class_list":["post-553","post","type-post","status-publish","format-standard","hentry","category-anxiety-depression-video","category-french","no-post-thumbnail"],"_links":{"self":[{"href":"https:\/\/vrforhealth.com\/fr\/wp-json\/wp\/v2\/posts\/553","targetHints":{"allow":["GET"]}}],"collection":[{"href":"https:\/\/vrforhealth.com\/fr\/wp-json\/wp\/v2\/posts"}],"about":[{"href":"https:\/\/vrforhealth.com\/fr\/wp-json\/wp\/v2\/types\/post"}],"author":[{"embeddable":true,"href":"https:\/\/vrforhealth.com\/fr\/wp-json\/wp\/v2\/users\/1"}],"replies":[{"embeddable":true,"href":"https:\/\/vrforhealth.com\/fr\/wp-json\/wp\/v2\/comments?post=553"}],"version-history":[{"count":0,"href":"https:\/\/vrforhealth.com\/fr\/wp-json\/wp\/v2\/posts\/553\/revisions"}],"wp:attachment":[{"href":"https:\/\/vrforhealth.com\/fr\/wp-json\/wp\/v2\/media?parent=553"}],"wp:term":[{"taxonomy":"category","embeddable":true,"href":"https:\/\/vrforhealth.com\/fr\/wp-json\/wp\/v2\/categories?post=553"},{"taxonomy":"post_tag","embeddable":true,"href":"https:\/\/vrforhealth.com\/fr\/wp-json\/wp\/v2\/tags?post=553"}],"curies":[{"name":"wp","href":"https:\/\/api.w.org\/{rel}","templated":true}]}}