{"id":555,"date":"2020-06-03T16:53:14","date_gmt":"2020-06-03T15:53:14","guid":{"rendered":"http:\/\/vrforhealth.360scotland.co.uk\/?p=555"},"modified":"2020-06-11T19:26:32","modified_gmt":"2020-06-11T18:26:32","slug":"reportage-france-3-casque-realite-virtuelle-seniors-ehpad-a-yzeure","status":"publish","type":"post","link":"https:\/\/vrforhealth.com\/fr\/2020\/06\/03\/reportage-france-3-casque-realite-virtuelle-seniors-ehpad-a-yzeure\/","title":{"rendered":"Reportage France 3 Casque r\u00e9alit\u00e9 virtuelle s\u00e9niors EHPAD \u00e0 Yzeure"},"content":{"rendered":"\n<figure class=\"wp-block-embed-youtube wp-block-embed is-type-video is-provider-youtube wp-embed-aspect-16-9 wp-has-aspect-ratio\"><div class=\"wp-block-embed__wrapper\">\n<div class=\"x-resp-embed x-is-video x-is-youtube\"><iframe loading=\"lazy\" title=\"Reportage France 3 Casque r\u00e9alit\u00e9 virtuelle s\u00e9niors EHPAD \u00e0 Yzeure\" width=\"1184\" height=\"666\" src=\"https:\/\/www.youtube.com\/embed\/ePEtGb7djbI?feature=oembed&#038;modestbranding=1&#038;showinfo=0&#038;rel=0\" frameborder=\"0\" allow=\"accelerometer; autoplay; encrypted-media; gyroscope; picture-in-picture\" allowfullscreen><\/iframe><\/div>\n<\/div><\/figure>\n\n\n\n<p>Reportage France 3 apparu \u00e0 l\u2019\u00e9dition r\u00e9gionale et nationale du JT du 19\/20: l&rsquo;utilisation de la r\u00e9alit\u00e9 virtuelle par des seniors dans un EHPAD pour faire travailler la m\u00e9moire, \u00e0 l&rsquo;aide de vid\u00e9os locales tourn\u00e9es en 360\u00b0.<\/p>\n\n\n\n<p><strong>Date first published:<\/strong> 03\/06\/2019<br><strong>Running Time:<\/strong> 1&Prime;58&prime;<br><strong>Producer:<\/strong> France 3 (m\u00e9dia)<\/p>\n","protected":false},"excerpt":{"rendered":"<p>Reportage France 3 apparu \u00e0 l\u2019\u00e9dition r\u00e9gionale et nationale du JT du 19\/20: l&rsquo;utilisation de la r\u00e9alit\u00e9 virtuelle par des seniors dans un EHPAD pour faire travailler la m\u00e9moire, \u00e0 l&rsquo;aide de vid\u00e9os locales tourn\u00e9es en 360\u00b0. Date first published: 03\/06\/2019Running Time: 1&Prime;58&prime;Producer: France 3 (m\u00e9dia)<\/p>\n","protected":false},"author":1,"featured_media":0,"comment_status":"closed","ping_status":"closed","sticky":false,"template":"","format":"standard","meta":{"footnotes":""},"categories":[35,40],"tags":[],"class_list":["post-555","post","type-post","status-publish","format-standard","hentry","category-anxiety-depression-video","category-french","no-post-thumbnail"],"_links":{"self":[{"href":"https:\/\/vrforhealth.com\/fr\/wp-json\/wp\/v2\/posts\/555","targetHints":{"allow":["GET"]}}],"collection":[{"href":"https:\/\/vrforhealth.com\/fr\/wp-json\/wp\/v2\/posts"}],"about":[{"href":"https:\/\/vrforhealth.com\/fr\/wp-json\/wp\/v2\/types\/post"}],"author":[{"embeddable":true,"href":"https:\/\/vrforhealth.com\/fr\/wp-json\/wp\/v2\/users\/1"}],"replies":[{"embeddable":true,"href":"https:\/\/vrforhealth.com\/fr\/wp-json\/wp\/v2\/comments?post=555"}],"version-history":[{"count":0,"href":"https:\/\/vrforhealth.com\/fr\/wp-json\/wp\/v2\/posts\/555\/revisions"}],"wp:attachment":[{"href":"https:\/\/vrforhealth.com\/fr\/wp-json\/wp\/v2\/media?parent=555"}],"wp:term":[{"taxonomy":"category","embeddable":true,"href":"https:\/\/vrforhealth.com\/fr\/wp-json\/wp\/v2\/categories?post=555"},{"taxonomy":"post_tag","embeddable":true,"href":"https:\/\/vrforhealth.com\/fr\/wp-json\/wp\/v2\/tags?post=555"}],"curies":[{"name":"wp","href":"https:\/\/api.w.org\/{rel}","templated":true}]}}